{"id":1649,"date":"2016-02-12T11:31:22","date_gmt":"2016-02-12T10:31:22","guid":{"rendered":"http:\/\/innovair.org\/?p=1649"},"modified":"2016-02-17T18:31:05","modified_gmt":"2016-02-17T17:31:05","slug":"temadagen-smf-flyg-11-febr-2016","status":"publish","type":"post","link":"https:\/\/innovair.org\/en\/2016\/02\/12\/temadagen-smf-flyg-11-febr-2016\/","title":{"rendered":"Temadagen SMF Flyg 11 febr 2016"},"content":{"rendered":"<p>En temadag kring projektet SMF Flyg och arenaverksamheten inom INNOVAIR h\u00f6lls p\u00e5 VINNOVA onsdagen 11 februari 2016. De presentationer som h\u00f6lls under f\u00f6rmiddagen listas h\u00e4r med l\u00e4nkar till de flesta.<\/p>\n<p><strong>1\/ Programmet f\u00f6r temadagen<\/strong>\u00a0<a href=\"https:\/\/innovair.org\/wp-content\/uploads\/2016\/02\/1.-SMF-Flyg-160211-innovair-inbjudan-160122f.pdf\">1. SMF Flyg 160211 innovair-inbjudan-160122f<\/a><\/p>\n<p><strong>2\/ Bakgrund<\/strong> och <strong>Introduktion<\/strong><br \/>\nMats-Olof Olsson\u00a0<a href=\"https:\/\/innovair.org\/wp-content\/uploads\/2016\/02\/2.-Inledning-Arenauppf\u00f6ljning-160211-1.pdf\">2. Inledning Arenauppf\u00f6ljning 160211 (1)<\/a><\/p>\n<p><strong>3\/ SMF Flyg \u2013 \u00f6kad konkurrenskraft hos Svensk flygindustri<\/strong><br \/>\nBengt W\u00e4livaara och Cecilia Ramberg\u00a0<a href=\"https:\/\/innovair.org\/wp-content\/uploads\/2016\/02\/3.-Resultat-SMF-Vinnova-2016-02-11.pdf\">3. Resultat SMF Vinnova 2016-02-11<\/a><\/p>\n<p><strong>4\/ Erfarenheter och resultat<\/strong><br \/>\n4a\/ Saab &#8211; G\u00f6ran Bengtsson (inga bilder)<br \/>\n4b\/ GKN &#8211; Robert Lundberg\u00a0<a href=\"https:\/\/innovair.org\/wp-content\/uploads\/2016\/02\/4b.-SMF-utveckling_GKN_11-Feb_2016_for-web.pdf\">4b. SMF utveckling_GKN_11 Feb_2016_for web<\/a><br \/>\n4c\/ Brogren Industries &#8211; Fredrik Olsson\u00a0<a href=\"https:\/\/innovair.org\/wp-content\/uploads\/2016\/02\/4c.-Brogren-Industries-Pres-2016-02-11-utg-2.pdf\">4c. Brogren Industries Pres 2016-02-11 utg 2<\/a><br \/>\n4d\/ Tooltec \u2013 Christian Lindahl\u00a0<a href=\"https:\/\/innovair.org\/wp-content\/uploads\/2016\/02\/4d.-Tooltec-SMF-Flyg-2016-reviderad.pdf\">4d. Tooltec SMF Flyg 2016 reviderad<\/a><br \/>\n4e\/ HDL \u2013 Peter Alm\u00a0<a href=\"https:\/\/innovair.org\/wp-content\/uploads\/2016\/02\/4e.-HDL_vinnova-20160210.pdf\">4e. HDL_vinnova 20160210<\/a><br \/>\n4f\/ Flexprop \u2013 Carl-Otto Str\u00f6mberg\u00a0<a href=\"https:\/\/innovair.org\/wp-content\/uploads\/2014\/07\/4f.-FlexProp-Vinnova-SMF-Flyg-160211-officiell.pdf\">4f. FlexProp Vinnova SMF Flyg 160211 officiell<\/a><br \/>\n6\/ Inxide-f\u00f6rstudie\u00a0<a href=\"https:\/\/innovair.org\/wp-content\/uploads\/2016\/02\/Inxide_160207-SMF-Flyg.pdf\">Inxide_160207 SMF-Flyg<br \/>\n<\/a>7\/ Oxeon-f\u00f6rstudie\u00a0<a href=\"https:\/\/innovair.org\/wp-content\/uploads\/2016\/02\/Oxeon_SMF-Flyg_Kurt-Olofsson-reviderad.pdf\">Oxeon_SMF Flyg_Kurt Olofsson-reviderad<\/a><\/p>\n","protected":false},"excerpt":{"rendered":"<p>En temadag kring projektet SMF Flyg och arenaverksamheten inom INNOVAIR h\u00f6lls p\u00e5 VINNOVA onsdagen 11 februari 2016. De presentationer som h\u00f6lls under f\u00f6rmiddagen listas h\u00e4r med l\u00e4nkar till de flesta&#8230;.<\/p>\n","protected":false},"author":3,"featured_media":0,"comment_status":"closed","ping_status":"closed","sticky":false,"template":"","format":"standard","meta":{"footnotes":""},"categories":[11,13,14],"tags":[],"class_list":{"0":"post-1649","1":"post","2":"type-post","3":"status-publish","4":"format-standard","6":"category-innovair","7":"category-arenorsmf","8":"category-vinnova"},"aioseo_notices":[],"_links":{"self":[{"href":"https:\/\/innovair.org\/en\/wp-json\/wp\/v2\/posts\/1649","targetHints":{"allow":["GET"]}}],"collection":[{"href":"https:\/\/innovair.org\/en\/wp-json\/wp\/v2\/posts"}],"about":[{"href":"https:\/\/innovair.org\/en\/wp-json\/wp\/v2\/types\/post"}],"author":[{"embeddable":true,"href":"https:\/\/innovair.org\/en\/wp-json\/wp\/v2\/users\/3"}],"replies":[{"embeddable":true,"href":"https:\/\/innovair.org\/en\/wp-json\/wp\/v2\/comments?post=1649"}],"version-history":[{"count":14,"href":"https:\/\/innovair.org\/en\/wp-json\/wp\/v2\/posts\/1649\/revisions"}],"predecessor-version":[{"id":1705,"href":"https:\/\/innovair.org\/en\/wp-json\/wp\/v2\/posts\/1649\/revisions\/1705"}],"wp:attachment":[{"href":"https:\/\/innovair.org\/en\/wp-json\/wp\/v2\/media?parent=1649"}],"wp:term":[{"taxonomy":"category","embeddable":true,"href":"https:\/\/innovair.org\/en\/wp-json\/wp\/v2\/categories?post=1649"},{"taxonomy":"post_tag","embeddable":true,"href":"https:\/\/innovair.org\/en\/wp-json\/wp\/v2\/tags?post=1649"}],"curies":[{"name":"wp","href":"https:\/\/api.w.org\/{rel}","templated":true}]}}