{"id":2662,"date":"2017-02-01T17:21:01","date_gmt":"2017-02-01T16:21:01","guid":{"rendered":"http:\/\/innovair.org\/?p=2662"},"modified":"2017-02-01T18:24:40","modified_gmt":"2017-02-01T17:24:40","slug":"returmote-i-akademiskt-utbyte","status":"publish","type":"post","link":"https:\/\/innovair.org\/en\/2017\/02\/01\/returmote-i-akademiskt-utbyte\/","title":{"rendered":"Returm\u00f6te i akademiskt utbyte med Brasilien"},"content":{"rendered":"<p>I februari tar Sverige emot en delegation fr\u00e5n brasiliansk\u00a0akademi som svar p\u00e5 den\u00a0svenska delegation best\u00e5ende\u00a0av v\u00e5ra sex ledande universitet\/h\u00f6gskolor som v\u00e5ren 2016\u00a0bes\u00f6kte Brasilien.<\/p>\n<p>Det akademiska utbytet \u00e4r\u00a0en del i det st\u00f6rre l\u00e5ngsiktiga\u00a0samarbete som inleddes med\u00a0n\u00e4ringsminister Dambergs\u00a0bes\u00f6k i Brasilien 2015 tillsammans\u00a0med f\u00f6retr\u00e4dare f\u00f6r\u00a0flyg-, skogs- och gruvinnovation.\u00a0Under bes\u00f6ket togs initiativ\u00a0till bildandet av en bilateral\u00a0flygteknisk h\u00f6gniv\u00e5grupp p\u00e5\u00a0statssekreterarniv\u00e5 och med\u00a0ber\u00f6rda myndighetschefer.<br \/>\nInitiativet formaliserades under\u00a0president Rouseffs delegation\u00a0till Sverige i december samma\u00a0\u00e5r och nu p\u00e5g\u00e5r arbete med\u00a0att bygga f\u00f6ruts\u00e4ttningar f\u00f6r\u00a0innovationssamarbete inom\u00a0flygomr\u00e5det p\u00e5 ett s\u00e5 generiskt\u00a0vis att erfarenheterna senare\u00a0kan generaliseras \u00e4ven till\u00a0andra bilaterala innovationssamarbeten\u00a0mellan v\u00e5ra tv\u00e5\u00a0l\u00e4nder.<br \/>\nUtbytet med Brasilien har hittills\u00a0resultetat i fler \u00e4n tio gemensamma\u00a0pilotprojekt inom\u00a0ramen f\u00f6r NFFP. Dessutom har\u00a0Sverige haft tre g\u00e4stprofessurer\u00a0p\u00e5 det ledande brasilianska\u00a0flygtekniska universitetet ITA\u00a0vilket har skapat kontakter\u00a0och initierat projekt. Sveriges\u00a0\u00f6nskan \u00e4r nu att bredda detta\u00a0samarbete och skapa samma\u00a0sak \u00e5t andra h\u00e5llet.<br \/>\nDenna kritiskt avg\u00f6rande\u00a0internationella samverkan,\u00a0prioriterad p\u00e5 h\u00f6gsta niv\u00e5,\u00a0\u00e4r ett led i den synkreta\u00a0innovation som NRIA Flyg 2016\u00a0rekommenderar \u2013 att ber\u00f6rda\u00a0departement delar v\u00e4rldsbild\u00a0och agerar i samklang f\u00f6r att\u00a0skapa ett enat svenskt innovationserbjudande.<\/p>\n","protected":false},"excerpt":{"rendered":"<p>I februari tar Sverige emot en delegation fr\u00e5n brasiliansk\u00a0akademi som svar p\u00e5 den\u00a0svenska delegation best\u00e5ende\u00a0av v\u00e5ra sex ledande universitet\/h\u00f6gskolor som v\u00e5ren 2016\u00a0bes\u00f6kte Brasilien. Det akademiska utbytet \u00e4r\u00a0en del i det&#8230;<\/p>\n","protected":false},"author":3,"featured_media":0,"comment_status":"closed","ping_status":"closed","sticky":false,"template":"","format":"standard","meta":{"footnotes":""},"categories":[11,10,12,13,14,1],"tags":[],"class_list":{"0":"post-2662","1":"post","2":"type-post","3":"status-publish","4":"format-standard","6":"category-innovair","7":"category-gkn-aerospace","8":"category-saab-aeronautics","9":"category-arenorsmf","10":"category-vinnova","11":"category-ovrigt"},"aioseo_notices":[],"_links":{"self":[{"href":"https:\/\/innovair.org\/en\/wp-json\/wp\/v2\/posts\/2662","targetHints":{"allow":["GET"]}}],"collection":[{"href":"https:\/\/innovair.org\/en\/wp-json\/wp\/v2\/posts"}],"about":[{"href":"https:\/\/innovair.org\/en\/wp-json\/wp\/v2\/types\/post"}],"author":[{"embeddable":true,"href":"https:\/\/innovair.org\/en\/wp-json\/wp\/v2\/users\/3"}],"replies":[{"embeddable":true,"href":"https:\/\/innovair.org\/en\/wp-json\/wp\/v2\/comments?post=2662"}],"version-history":[{"count":2,"href":"https:\/\/innovair.org\/en\/wp-json\/wp\/v2\/posts\/2662\/revisions"}],"predecessor-version":[{"id":2671,"href":"https:\/\/innovair.org\/en\/wp-json\/wp\/v2\/posts\/2662\/revisions\/2671"}],"wp:attachment":[{"href":"https:\/\/innovair.org\/en\/wp-json\/wp\/v2\/media?parent=2662"}],"wp:term":[{"taxonomy":"category","embeddable":true,"href":"https:\/\/innovair.org\/en\/wp-json\/wp\/v2\/categories?post=2662"},{"taxonomy":"post_tag","embeddable":true,"href":"https:\/\/innovair.org\/en\/wp-json\/wp\/v2\/tags?post=2662"}],"curies":[{"name":"wp","href":"https:\/\/api.w.org\/{rel}","templated":true}]}}