{"id":3679,"date":"2017-12-09T16:45:40","date_gmt":"2017-12-09T15:45:40","guid":{"rendered":"https:\/\/innovair.org\/?p=3679"},"modified":"2017-12-09T16:46:05","modified_gmt":"2017-12-09T15:46:05","slug":"blade-i-luften","status":"publish","type":"post","link":"https:\/\/innovair.org\/en\/2017\/12\/09\/blade-i-luften\/","title":{"rendered":"BLADE i luften!"},"content":{"rendered":"<p>Den banbrytande lamin\u00e4rvingedemonstratorn BLADE har nu provflugits. Innovair har en central plats.<\/p>\n<p>BLADE st\u00e5r f\u00f6r Breakthrough Laminar Aircraft Demonstrator in Europe, och f\u00f6r\u00a0<strong>f\u00f6rsta g\u00e5ngen har en lamin\u00e4rvinge, tillverkad industriellt, demonstrerats i full skala<\/strong>\u00a0p\u00e5 ett riktigt flygplan.<\/p>\n<p>Po\u00e4ngen med vingen \u00e4r att ytan \u00e4r s\u00e5 pass j\u00e4mn och fin att\u00a0<strong>luftstr\u00f6mningen runt den kan h\u00e5llas stabil, skiktad och regelbunden.<\/strong>\u00a0Str\u00f6mningen kallas d\u00e5 lamin\u00e4r och inneb\u00e4r att\u00a0<strong>vingen glider med mycket l\u00e5gt motst\u00e5nd och d\u00e4rmed ekonomiskt<\/strong>\u00a0genom luften.<\/p>\n<p>BLADE \u00e4r utvecklad inom det mycket stora och omfattande EU-initiativet Clean Sky som startade 2008.\u00a0<strong>Saab har tillsammans med Airbus varit ledare f\u00f6r detta utvecklingsprojekt<\/strong>\u00a0som nu g\u00e5r in i sin avslutande flygprovfas.<\/p>\n<p>Den omfattande flygutprovningen kommer att forts\u00e4tta under 2017 och 2018.<\/p>\n<p>L\u00e4s mer om BLADE i v\u00e5rt showcaseblad:\u00a0<a href=\"https:\/\/www.innovair.org\/showcase\"><strong>www.innovair.org\/showcase<\/strong><\/a><br \/>\nBilder fr\u00e5n f\u00f6rsta flygningen p\u00e5 denna Airbus-l\u00e4nk:<strong>\u00a0<a href=\"http:\/\/www.airbus.com\/newsroom\/press-releases\/en\/2017\/09\/airbus_-_blade_-laminar-flow-wing-demonstrator-makes-first-fligh.html\">Blade_laminar-flow-wing-demonstrator-makes-first-flight<\/a><\/strong><\/p>\n","protected":false},"excerpt":{"rendered":"<p>Den banbrytande lamin\u00e4rvingedemonstratorn BLADE har nu provflugits. Innovair har en central plats. BLADE st\u00e5r f\u00f6r Breakthrough Laminar Aircraft Demonstrator in Europe, och f\u00f6r\u00a0f\u00f6rsta g\u00e5ngen har en lamin\u00e4rvinge, tillverkad industriellt, demonstrerats&#8230;<\/p>\n","protected":false},"author":3,"featured_media":0,"comment_status":"closed","ping_status":"closed","sticky":false,"template":"","format":"standard","meta":{"footnotes":""},"categories":[11,12,14,1],"tags":[],"class_list":{"0":"post-3679","1":"post","2":"type-post","3":"status-publish","4":"format-standard","6":"category-innovair","7":"category-saab-aeronautics","8":"category-vinnova","9":"category-ovrigt"},"aioseo_notices":[],"_links":{"self":[{"href":"https:\/\/innovair.org\/en\/wp-json\/wp\/v2\/posts\/3679","targetHints":{"allow":["GET"]}}],"collection":[{"href":"https:\/\/innovair.org\/en\/wp-json\/wp\/v2\/posts"}],"about":[{"href":"https:\/\/innovair.org\/en\/wp-json\/wp\/v2\/types\/post"}],"author":[{"embeddable":true,"href":"https:\/\/innovair.org\/en\/wp-json\/wp\/v2\/users\/3"}],"replies":[{"embeddable":true,"href":"https:\/\/innovair.org\/en\/wp-json\/wp\/v2\/comments?post=3679"}],"version-history":[{"count":2,"href":"https:\/\/innovair.org\/en\/wp-json\/wp\/v2\/posts\/3679\/revisions"}],"predecessor-version":[{"id":3681,"href":"https:\/\/innovair.org\/en\/wp-json\/wp\/v2\/posts\/3679\/revisions\/3681"}],"wp:attachment":[{"href":"https:\/\/innovair.org\/en\/wp-json\/wp\/v2\/media?parent=3679"}],"wp:term":[{"taxonomy":"category","embeddable":true,"href":"https:\/\/innovair.org\/en\/wp-json\/wp\/v2\/categories?post=3679"},{"taxonomy":"post_tag","embeddable":true,"href":"https:\/\/innovair.org\/en\/wp-json\/wp\/v2\/tags?post=3679"}],"curies":[{"name":"wp","href":"https:\/\/api.w.org\/{rel}","templated":true}]}}