{"id":8791,"date":"2025-01-31T10:18:13","date_gmt":"2025-01-31T09:18:13","guid":{"rendered":"https:\/\/innovair.org\/?p=8791"},"modified":"2025-08-27T10:46:14","modified_gmt":"2025-08-27T08:46:14","slug":"sveriges-roll-inom-flygteknisk-innovation","status":"publish","type":"post","link":"https:\/\/innovair.org\/en\/2025\/01\/31\/sveriges-roll-inom-flygteknisk-innovation\/","title":{"rendered":"Sveriges roll inom flygteknisk innovation"},"content":{"rendered":"[vc_row type=&#8221;in_container&#8221; full_screen_row_position=&#8221;middle&#8221; column_margin=&#8221;default&#8221; column_direction=&#8221;default&#8221; column_direction_tablet=&#8221;default&#8221; column_direction_phone=&#8221;default&#8221; scene_position=&#8221;center&#8221; text_color=&#8221;dark&#8221; text_align=&#8221;left&#8221; row_border_radius=&#8221;none&#8221; row_border_radius_applies=&#8221;bg&#8221; overflow=&#8221;visible&#8221; overlay_strength=&#8221;0.3&#8243; gradient_direction=&#8221;left_to_right&#8221; shape_divider_position=&#8221;bottom&#8221; bg_image_animation=&#8221;none&#8221;][vc_column column_padding=&#8221;no-extra-padding&#8221; column_padding_tablet=&#8221;inherit&#8221; column_padding_phone=&#8221;inherit&#8221; column_padding_position=&#8221;all&#8221; column_element_direction_desktop=&#8221;default&#8221; column_element_spacing=&#8221;default&#8221; desktop_text_alignment=&#8221;default&#8221; tablet_text_alignment=&#8221;default&#8221; phone_text_alignment=&#8221;default&#8221; background_color_opacity=&#8221;1&#8243; background_hover_color_opacity=&#8221;1&#8243; column_backdrop_filter=&#8221;none&#8221; column_shadow=&#8221;none&#8221; column_border_radius=&#8221;none&#8221; column_link_target=&#8221;_self&#8221; column_position=&#8221;default&#8221; gradient_direction=&#8221;left_to_right&#8221; overlay_strength=&#8221;0.3&#8243; width=&#8221;1\/4&#8243; tablet_width_inherit=&#8221;default&#8221; animation_type=&#8221;default&#8221; bg_image_animation=&#8221;none&#8221; border_type=&#8221;simple&#8221; column_border_width=&#8221;none&#8221; column_border_style=&#8221;solid&#8221;][image_with_animation image_url=&#8221;8669&#8243; image_size=&#8221;full&#8221; animation_type=&#8221;entrance&#8221; animation=&#8221;None&#8221; animation_movement_type=&#8221;transform_y&#8221; hover_animation=&#8221;none&#8221; alignment=&#8221;&#8221; border_radius=&#8221;none&#8221; box_shadow=&#8221;none&#8221; image_loading=&#8221;default&#8221; max_width=&#8221;100%&#8221; max_width_mobile=&#8221;default&#8221;][vc_column_text css=&#8221;&#8221; text_direction=&#8221;default&#8221;]Anne Lidgard[\/vc_column_text][\/vc_column][vc_column column_padding=&#8221;no-extra-padding&#8221; column_padding_tablet=&#8221;inherit&#8221; column_padding_phone=&#8221;inherit&#8221; column_padding_position=&#8221;all&#8221; column_element_direction_desktop=&#8221;default&#8221; column_element_spacing=&#8221;default&#8221; desktop_text_alignment=&#8221;default&#8221; tablet_text_alignment=&#8221;default&#8221; phone_text_alignment=&#8221;default&#8221; background_color_opacity=&#8221;1&#8243; background_hover_color_opacity=&#8221;1&#8243; column_backdrop_filter=&#8221;none&#8221; column_shadow=&#8221;none&#8221; column_border_radius=&#8221;none&#8221; column_link_target=&#8221;_self&#8221; column_position=&#8221;default&#8221; gradient_direction=&#8221;left_to_right&#8221; overlay_strength=&#8221;0.3&#8243; width=&#8221;3\/4&#8243; tablet_width_inherit=&#8221;default&#8221; animation_type=&#8221;default&#8221; bg_image_animation=&#8221;none&#8221; border_type=&#8221;simple&#8221; column_border_width=&#8221;none&#8221; column_border_style=&#8221;solid&#8221;][vc_column_text css=&#8221;&#8221; text_direction=&#8221;default&#8221;]Vi f\u00e5r en pratstund med Anne Lidgard,\u00a0Direkt\u00f6r och senior r\u00e5dgivare\u00a0p\u00e5 Vinnova, om hennes syn p\u00e5 flygteknisk innovation, nu och i\u00a0framtiden.<\/p>\n<p><strong>Vilken \u00e4r din roll p\u00e5 Vinnova?<\/strong><\/p>\n<p>Jag l\u00e4gger merparten av min tid i ledningen f\u00f6r ett av v\u00e5ra verksamhetsomr\u00e5den &#8211; Framv\u00e4xande teknologier och f\u00f6retag. Jag sitter dessutom som Vinnovas representant i Programr\u00e5det f\u00f6r NFFP samt i Innovairs styrgrupp.<\/p>\n<p><strong>Hur ser du p\u00e5 Sveriges roll i internationella samarbeten kring flygteknisk innovation, och vilka unika styrkor kan vi bidra med f\u00f6r en mer resilient industri?<\/strong><\/p>\n<p>Sverige har en unik position som en av f\u00e5 nationer med en etablerad och innovativ flygindustri. Trots landets litenhet har vi historiskt varit en stark akt\u00f6r i internationella samarbeten. Tidigare Volvo Flygmotor, nuvarande GKN, har sett de internationella samarbetena som helt avg\u00f6rande f\u00f6r sina kommersiella m\u00e5l och har varit framg\u00e5ngsrika i till\u00e4mpningen av \u201dden lutande v\u00e5gens strategi\u201d. De \u00e4r idag en sj\u00e4lvklar part i initiativ som Clean Aviation. Samtidigt har SAAB en betydande roll i mer f\u00f6rsvarsorienterade samarbeten, exempelvis genom European Defence Fund och bilaterala projekt som med Brasilien.<\/p>\n<p>Det finns dock utmaningar. Clean Aviation fokuserar p\u00e5 specifika omr\u00e5den, vilket g\u00f6r det sv\u00e5rt f\u00f6r andra akt\u00f6rer att delta. Kluster 5 inom Horizon Europe tar upp delar av flygforskningsinfrastrukturen, men det finns ett behov av att fylla gapet mellan Clean Aviation och Kluster 5. Det skulle \u00f6ppna upp f\u00f6r fler flexibla ans\u00f6kningar i framtiden \u2013 n\u00e5got att beakta inf\u00f6r n\u00e4sta ramprogram.<\/p>\n<p><strong>Vilka \u00e4r de st\u00f6rsta utmaningarna f\u00f6r h\u00e5llbara flygtekniska innovationer, och hur kan f\u00f6retag, akademi och myndigheter samarbeta f\u00f6r att \u00f6vervinna dessa hinder?<\/strong><\/p>\n<p>En av de st\u00f6rsta utmaningarna \u00e4r att skapa en tydlig policy som visar att det finns en framtida marknad och en fungerande v\u00e4rdekedja, exempelvis f\u00f6r h\u00e5llbara flygbr\u00e4nslen. Certifieringsprocesser, s\u00e4rskilt f\u00f6r nya teknologier som elflyg och br\u00e4nsleceller, \u00e4r ocks\u00e5 ett hinder. D\u00e4rtill \u00e4r flygindustrins l\u00e5nga ledtider en utmaning \u2013 existerande flygplan kommer att vara i bruk under m\u00e5nga \u00e5r fram\u00f6ver, vilket f\u00f6rdr\u00f6jer effekterna av ett mer h\u00e5llbart flygsystem.<\/p>\n<p>Samverkan mellan f\u00f6retag, akademi och myndigheter \u00e4r avg\u00f6rande f\u00f6r att adressera dessa utmaningar. Genom att arbeta tillsammans kan vi skapa tydliga riktlinjer, snabba p\u00e5 innovationen och driva utvecklingen mot h\u00e5llbarhet.<\/p>\n<p><strong>Hur kan samarbetet mellan offentlig sektor, n\u00e4ringsliv och akademi f\u00f6rb\u00e4ttras f\u00f6r att m\u00f6ta klimatutmaningar och st\u00e4rka Sveriges internationella position?<\/strong><\/p>\n<p>Sverige beh\u00f6ver skapa b\u00e4ttre f\u00f6ruts\u00e4ttningar f\u00f6r nationella akt\u00f6rer att delta i internationella program. J\u00e4mf\u00f6rt med j\u00e4ttar som Tyskland, Storbritannien och Frankrike \u00e4r v\u00e5ra satsningar relativt sm\u00e5. Ett nationellt demoprogram \u00e4r av stort v\u00e4rde f\u00f6r att lyfta Sverige som en konkurrenskraftig akt\u00f6r.<\/p>\n<p>Det \u00e4r ocks\u00e5 viktigt med en stark samordning mellan olika myndigheter, b\u00e5de n\u00e4r det g\u00e4ller Sveriges insatser och inspel gentemot kommissionen p\u00e5 EU-niv\u00e5. Om vi kan tala med en enad r\u00f6st i internationella sammanhang \u00f6kar v\u00e5ra chanser att p\u00e5verka och positionera oss starkare.<\/p>\n<p><strong>Vad ser du f\u00f6r spillover-effekter och m\u00f6jligheter i framtiden?<\/strong><\/p>\n<p>Spillover-effekterna fr\u00e5n flygteknisk innovation \u00e4r redan stora, \u00e4ven om vi \u00e4nnu inte har kvantifierat dem. Det i sig utg\u00f6r ett viktigt forskningsomr\u00e5de. Fram\u00e5t kommer vi s\u00e4kert ocks\u00e5 att se ett \u00f6kat fokus p\u00e5 civil-milit\u00e4ra synergier, vilket kommer att driva teknik\u00f6verf\u00f6ring \u00e5t b\u00e5da h\u00e5llen och skapa nya m\u00f6jligheter.[\/vc_column_text][\/vc_column][\/vc_row]\n","protected":false},"excerpt":{"rendered":"<p>Vi f\u00e5r en pratstund med Anne Lidgard,\u00a0Direkt\u00f6r och senior r\u00e5dgivare\u00a0p\u00e5 Vinnova, om hennes syn p\u00e5 flygteknisk innovation. Nu och i\u00a0framtiden.<\/p>\n","protected":false},"author":8,"featured_media":0,"comment_status":"closed","ping_status":"closed","sticky":false,"template":"","format":"standard","meta":{"footnotes":""},"categories":[14],"tags":[],"class_list":{"0":"post-8791","1":"post","2":"type-post","3":"status-publish","4":"format-standard","6":"category-vinnova"},"aioseo_notices":[],"_links":{"self":[{"href":"https:\/\/innovair.org\/en\/wp-json\/wp\/v2\/posts\/8791","targetHints":{"allow":["GET"]}}],"collection":[{"href":"https:\/\/innovair.org\/en\/wp-json\/wp\/v2\/posts"}],"about":[{"href":"https:\/\/innovair.org\/en\/wp-json\/wp\/v2\/types\/post"}],"author":[{"embeddable":true,"href":"https:\/\/innovair.org\/en\/wp-json\/wp\/v2\/users\/8"}],"replies":[{"embeddable":true,"href":"https:\/\/innovair.org\/en\/wp-json\/wp\/v2\/comments?post=8791"}],"version-history":[{"count":10,"href":"https:\/\/innovair.org\/en\/wp-json\/wp\/v2\/posts\/8791\/revisions"}],"predecessor-version":[{"id":9154,"href":"https:\/\/innovair.org\/en\/wp-json\/wp\/v2\/posts\/8791\/revisions\/9154"}],"wp:attachment":[{"href":"https:\/\/innovair.org\/en\/wp-json\/wp\/v2\/media?parent=8791"}],"wp:term":[{"taxonomy":"category","embeddable":true,"href":"https:\/\/innovair.org\/en\/wp-json\/wp\/v2\/categories?post=8791"},{"taxonomy":"post_tag","embeddable":true,"href":"https:\/\/innovair.org\/en\/wp-json\/wp\/v2\/tags?post=8791"}],"curies":[{"name":"wp","href":"https:\/\/api.w.org\/{rel}","templated":true}]}}