{"id":9604,"date":"2026-04-21T10:01:12","date_gmt":"2026-04-21T08:01:12","guid":{"rendered":"https:\/\/innovair.org\/?p=9604"},"modified":"2026-04-21T10:02:36","modified_gmt":"2026-04-21T08:02:36","slug":"acs-arskonferens-2026-visade-upp-sma-och-medelstora-foretag-som-mojliggorare","status":"publish","type":"post","link":"https:\/\/innovair.org\/en\/2026\/04\/21\/acs-arskonferens-2026-visade-upp-sma-och-medelstora-foretag-som-mojliggorare\/","title":{"rendered":"ACS \u00c5rskonferens 2026 visade upp sm\u00e5 och medelstora f\u00f6retag som m\u00f6jligg\u00f6rare"},"content":{"rendered":"[vc_row type=&#8221;in_container&#8221; full_screen_row_position=&#8221;middle&#8221; column_margin=&#8221;default&#8221; column_direction=&#8221;default&#8221; column_direction_tablet=&#8221;default&#8221; column_direction_phone=&#8221;default&#8221; scene_position=&#8221;center&#8221; text_color=&#8221;dark&#8221; text_align=&#8221;left&#8221; row_border_radius=&#8221;none&#8221; row_border_radius_applies=&#8221;bg&#8221; row_position_desktop=&#8221;default&#8221; row_position_tablet=&#8221;inherit&#8221; row_position_phone=&#8221;inherit&#8221; overflow=&#8221;visible&#8221; overlay_strength=&#8221;0.3&#8243; gradient_direction=&#8221;left_to_right&#8221; shape_divider_position=&#8221;bottom&#8221; bg_image_animation=&#8221;none&#8221;][vc_column column_padding=&#8221;no-extra-padding&#8221; column_padding_tablet=&#8221;inherit&#8221; column_padding_phone=&#8221;inherit&#8221; column_padding_position=&#8221;all&#8221; flex_gap_desktop=&#8221;10px&#8221; column_element_direction_desktop=&#8221;default&#8221; column_element_spacing=&#8221;default&#8221; desktop_text_alignment=&#8221;default&#8221; tablet_text_alignment=&#8221;default&#8221; phone_text_alignment=&#8221;default&#8221; background_color_opacity=&#8221;1&#8243; background_hover_color_opacity=&#8221;1&#8243; column_backdrop_filter=&#8221;none&#8221; column_shadow=&#8221;none&#8221; column_border_radius=&#8221;none&#8221; column_link_target=&#8221;_self&#8221; column_position=&#8221;default&#8221; gradient_direction=&#8221;left_to_right&#8221; overlay_strength=&#8221;0.3&#8243; width=&#8221;1\/1&#8243; tablet_width_inherit=&#8221;default&#8221; animation_type=&#8221;default&#8221; bg_image_animation=&#8221;none&#8221; border_type=&#8221;simple&#8221; column_border_width=&#8221;none&#8221; column_border_style=&#8221;solid&#8221;][image_with_animation image_url=&#8221;9605&#8243; image_size=&#8221;full&#8221; max_width=&#8221;100%&#8221; max_width_mobile=&#8221;default&#8221; animation_type=&#8221;entrance&#8221; animation=&#8221;None&#8221; animation_movement_type=&#8221;transform_y&#8221; hover_animation=&#8221;none&#8221; alignment=&#8221;&#8221; border_radius=&#8221;none&#8221; box_shadow=&#8221;none&#8221; image_loading=&#8221;default&#8221;][vc_column_text css=&#8221;&#8221; text_direction=&#8221;default&#8221;]Energiniv\u00e5n var h\u00f6g n\u00e4r Aerospace Cluster Sweden genomf\u00f6rde sin \u00e5rskonferens i Norrk\u00f6ping f\u00f6rra veckan. Under tv\u00e5 dagar samlades akt\u00f6rer fr\u00e5n hela ekosystemet f\u00f6r att diskutera hur Sverige st\u00e4rker sin position inom flyg och rymd.<\/p>\n<p>Framtida konkurrenskraft kr\u00e4ver snabbare oms\u00e4ttning fr\u00e5n forskning till industriell till\u00e4mpning. <a href=\"https:\/\/aerospaceclustersweden.com\/\" target=\"_blank\" rel=\"noopener\">Aerospace Cluster Sweden<\/a> (ACS) har etablerats som en nationell kraftsamlare som skapar konkret nytta i form av samarbeten, aff\u00e4rer och starkare leverant\u00f6rsled och d\u00e4rmed bidrar till Sveriges resiliens och samh\u00e4llsf\u00f6rm\u00e5ga.<\/p>\n<p>\u2013 Vi har varit med och byggt den samverkansstruktur som idag g\u00f6r Aerospace Cluster Sweden till en nationell samlingsplats f\u00f6r flyg och rymd. F\u00f6r oss handlar det om att skapa f\u00f6ruts\u00e4ttningar f\u00f6r att id\u00e9er snabbare ska bli till l\u00f6sningar och f\u00f6r att fler bolag ska kunna vara med och bidra, s\u00e4ger Yvonne Rosmark, Programdirekt\u00f6r Innovair.<\/p>\n<h2>En bredd som speglar hela ekosystemet<\/h2>\n<p>Programmet speglade bredden i sektorn. Fr\u00e5n dr\u00f6nare och UAV:er till rymd och totalf\u00f6rsvar. Dr\u00f6naromr\u00e5det lyfte v\u00e4xande aff\u00e4rsm\u00f6jligheter d\u00e4r v\u00e4rdekedjor, testmilj\u00f6er och till\u00e4mpningar st\u00e5r i fokus. Rymdfr\u00e5gorna visade vikten av ekosystem, kompetens och finansiering. Avslutningsvis riktades fokus mot flyg och rymd i totalf\u00f6rsvaret, d\u00e4r behovet av robusta och konkurrenskraftiga svenska leverant\u00f6rskedjor betonades. I en mer os\u00e4ker omv\u00e4rld blir resiliens och f\u00f6rm\u00e5gan att kombinera civila och milit\u00e4ra till\u00e4mpningar, s\u00e5 kallad dual-use, allt viktigare.<\/p>\n<h2>Sm\u00e5 och medelstora f\u00f6retag \u00e4r en avg\u00f6rande del av l\u00f6sningen<\/h2>\n<p>Att sm\u00e5 och medelstora f\u00f6retag (SMF) bidrar med spetskompetens, innovationskraft och flexibilitet lyftes genomg\u00e5ende som en nyckel till framtida utveckling. Samtidigt \u00e4r f\u00f6rv\u00e4ntningarna tydliga, industrin efterfr\u00e5gar i allt h\u00f6gre grad att SMF:er tar initiativ och kommer med l\u00f6sningar p\u00e5 konkreta behov, g\u00e4rna i samverkan med varandra. Fokus f\u00f6rskjuts d\u00e4rmed fr\u00e5n enskilda teknologier till f\u00f6rm\u00e5gor, till\u00e4mpningar och v\u00e4rdeskapande i hela systemet<\/p>\n<h2>Samverkan f\u00f6r Sveriges fortsatta position<\/h2>\n<p>Konferensens deltagare sammanfattade, b\u00e5de fr\u00e5n scenen och publiken, att innovation inom sker i samspel mellan forskning och industri, mellan stora f\u00f6retag och sm\u00e5 samt mellan civila och milit\u00e4ra till\u00e4mpningar. Ska Sverige forts\u00e4tta vara en ledande flyg- och rymdnation kr\u00e4vs fortsatt fokus p\u00e5 det som g\u00f6r verklig skillnad: starka n\u00e4tverk, gemensamma testmilj\u00f6er och f\u00f6rm\u00e5gan att oms\u00e4tta kunskap till l\u00f6sningar. Och kanske viktigast av allt; att fler akt\u00f6rer ges m\u00f6jlighet att vara med och bidra.<\/p>\n<p>Programmet i sin helhet <a href=\"https:\/\/aerospaceclustersweden.com\/event\/acs-arskonferens-2026\/\">ACS \u00c5rskonferens 2026 \u2013 Aerospace Cluster Sweden<\/a>.[\/vc_column_text][divider line_type=&#8221;No Line&#8221; custom_height=&#8221;50&#8243;][vc_gallery css=&#8221;&#8221; type=&#8221;image_grid&#8221; images=&#8221;9616,9612,9608,9615,9609,9613,9611,9610,9607,9606,9623,9620,9614,9618,9622,9621,9619,9617&#8243; image_grid_loading=&#8221;default&#8221; display_title_caption=&#8221;true&#8221; layout=&#8221;4&#8243; masonry_style=&#8221;true&#8221; bypass_image_cropping=&#8221;true&#8221; item_spacing=&#8221;default&#8221; gallery_style=&#8221;7&#8243; load_in_animation=&#8221;none&#8221;][\/vc_column][\/vc_row][vc_row type=&#8221;in_container&#8221; full_screen_row_position=&#8221;middle&#8221; column_margin=&#8221;default&#8221; column_direction=&#8221;default&#8221; column_direction_tablet=&#8221;default&#8221; column_direction_phone=&#8221;default&#8221; scene_position=&#8221;center&#8221; text_color=&#8221;dark&#8221; text_align=&#8221;left&#8221; row_border_radius=&#8221;none&#8221; row_border_radius_applies=&#8221;bg&#8221; row_position_desktop=&#8221;default&#8221; row_position_tablet=&#8221;inherit&#8221; row_position_phone=&#8221;inherit&#8221; overflow=&#8221;visible&#8221; overlay_strength=&#8221;0.3&#8243; gradient_direction=&#8221;left_to_right&#8221; shape_divider_position=&#8221;bottom&#8221; bg_image_animation=&#8221;none&#8221;][vc_column column_padding=&#8221;no-extra-padding&#8221; column_padding_tablet=&#8221;inherit&#8221; column_padding_phone=&#8221;inherit&#8221; column_padding_position=&#8221;all&#8221; flex_gap_desktop=&#8221;10px&#8221; column_element_direction_desktop=&#8221;default&#8221; column_element_spacing=&#8221;default&#8221; desktop_text_alignment=&#8221;default&#8221; tablet_text_alignment=&#8221;default&#8221; phone_text_alignment=&#8221;default&#8221; background_color_opacity=&#8221;1&#8243; background_hover_color_opacity=&#8221;1&#8243; column_backdrop_filter=&#8221;none&#8221; column_shadow=&#8221;none&#8221; column_border_radius=&#8221;none&#8221; column_link_target=&#8221;_self&#8221; column_position=&#8221;default&#8221; gradient_direction=&#8221;left_to_right&#8221; overlay_strength=&#8221;0.3&#8243; width=&#8221;1\/1&#8243; tablet_width_inherit=&#8221;default&#8221; animation_type=&#8221;default&#8221; bg_image_animation=&#8221;none&#8221; border_type=&#8221;simple&#8221; column_border_width=&#8221;none&#8221; column_border_style=&#8221;solid&#8221;][\/vc_column][\/vc_row]\n","protected":false},"excerpt":{"rendered":"<p>Energiniv\u00e5n var h\u00f6g n\u00e4r Aerospace Cluster Sweden genomf\u00f6rde sin \u00e5rskonferens i Norrk\u00f6ping f\u00f6rra veckan. Under tv\u00e5 dagar samlades akt\u00f6rer fr\u00e5n hela ekosystemet f\u00f6r att diskutera hur Sverige st\u00e4rker sin position inom flyg och rymd.<\/p>\n","protected":false},"author":8,"featured_media":0,"comment_status":"closed","ping_status":"closed","sticky":false,"template":"","format":"standard","meta":{"footnotes":""},"categories":[46,11],"tags":[],"class_list":{"0":"post-9604","1":"post","2":"type-post","3":"status-publish","4":"format-standard","6":"category-aerospace-cluster-sweden-acs","7":"category-innovair"},"aioseo_notices":[],"_links":{"self":[{"href":"https:\/\/innovair.org\/en\/wp-json\/wp\/v2\/posts\/9604","targetHints":{"allow":["GET"]}}],"collection":[{"href":"https:\/\/innovair.org\/en\/wp-json\/wp\/v2\/posts"}],"about":[{"href":"https:\/\/innovair.org\/en\/wp-json\/wp\/v2\/types\/post"}],"author":[{"embeddable":true,"href":"https:\/\/innovair.org\/en\/wp-json\/wp\/v2\/users\/8"}],"replies":[{"embeddable":true,"href":"https:\/\/innovair.org\/en\/wp-json\/wp\/v2\/comments?post=9604"}],"version-history":[{"count":6,"href":"https:\/\/innovair.org\/en\/wp-json\/wp\/v2\/posts\/9604\/revisions"}],"predecessor-version":[{"id":9629,"href":"https:\/\/innovair.org\/en\/wp-json\/wp\/v2\/posts\/9604\/revisions\/9629"}],"wp:attachment":[{"href":"https:\/\/innovair.org\/en\/wp-json\/wp\/v2\/media?parent=9604"}],"wp:term":[{"taxonomy":"category","embeddable":true,"href":"https:\/\/innovair.org\/en\/wp-json\/wp\/v2\/categories?post=9604"},{"taxonomy":"post_tag","embeddable":true,"href":"https:\/\/innovair.org\/en\/wp-json\/wp\/v2\/tags?post=9604"}],"curies":[{"name":"wp","href":"https:\/\/api.w.org\/{rel}","templated":true}]}}